{"id":18563,"date":"2022-09-07T14:34:22","date_gmt":"2022-09-07T12:34:22","guid":{"rendered":"https:\/\/www.varprovence-cruise.com\/fr\/?p=18563"},"modified":"2022-09-30T11:38:35","modified_gmt":"2022-09-30T09:38:35","slug":"decouvrez-la-route-du-debarquement-en-provence-pour-les-80-ans-du-debarquement-allie-en-2024","status":"publish","type":"post","link":"https:\/\/www.varprovence-cruise.com\/fr\/2022\/09\/07\/decouvrez-la-route-du-debarquement-en-provence-pour-les-80-ans-du-debarquement-allie-en-2024\/","title":{"rendered":"D\u00e9couvrez la Route du d\u00e9barquement en Provence pour les 80 ans du D\u00e9barquement alli\u00e9 en 2024"},"content":{"rendered":"<p>La r\u00e9gion Normandie et le d\u00e9partement du Var pr\u00e9parent conjointement de grands \u00e9v\u00e9nements pour c\u00e9l\u00e9brer les 80 ans du d\u00e9barquement alli\u00e9. <strong>Ces \u00e9v\u00e9nements compl\u00e9mentaires rythmeront la saison estivale 2024.<\/strong><\/p>\n<p>En Normandie, le 6 juin 1944, les forces alli\u00e9es de plus de 150 000 soldats britanniques, am\u00e9ricains, canadiens et fran\u00e7ais ont attaqu\u00e9 les forces allemandes et ont remport\u00e9 une victoire devenue un tournant cl\u00e9 de la Seconde Guerre mondiale en Europe.<\/p>\n<p><strong>Dans le Var<\/strong>, o\u00f9 le d\u00e9barquement de la Seconde Guerre mondiale est moins connu dans le monde, des troupes repr\u00e9sentant 94.000 soldats ont d\u00e9barqu\u00e9 l<strong>e 15 ao\u00fbt lors de l&rsquo;op\u00e9ration \u00ab\u00a0Dragoon\u00a0\u00bb,\u00a0<\/strong>visant \u00e0 lib\u00e9rer Toulon, grand port maritime de France, et Marseille avec succ\u00e8s.<\/p>\n<p><strong>Ces \u00e9v\u00e9nements tr\u00e8s attendus inciteront les croisi\u00e9ristes \u00e0 choisir un itin\u00e9raire dans l&rsquo;une ou les deux destinations, <\/strong>afin de participer et \u00e0 rendre hommage aux hommes et aux femmes qui se sont battus et dont beaucoup ont sacrifi\u00e9 leur vie pour la libert\u00e9.<\/p>\n<p>La r\u00e9gion Normandie et le <strong>d\u00e9partement du Var travaillent d\u00e9j\u00e0 sur le programme des manifestations qui se tiendront durant l&rsquo;\u00e9t\u00e9 2024. \u00c0 ne pas manquer : une Route du d\u00e9barquement d\u00e9di\u00e9e \u00e0 la Seconde Guerre mondiale avec des sites incontournables \u00e0 visiter.<\/strong><\/p>\n<p><strong>Des excursions peuvent \u00eatre organis\u00e9es par les compagnies de croisi\u00e8res pour que leurs passagers puissent d\u00e9couvrir certains lieux historiques embl\u00e9matiques.<\/strong><\/p>\n<p>&nbsp;<\/p>\n<p><a href=\"https:\/\/www.varprovence-cruise.com\/fr\/wp-content\/uploads\/sites\/2\/2022\/09\/capture-decran-2022-09-05-125500.jpg\"><img loading=\"lazy\" class=\"alignnone  wp-image-18565 aligncenter\" src=\"https:\/\/www.varprovence-cruise.com\/fr\/wp-content\/uploads\/sites\/2\/2022\/09\/capture-decran-2022-09-05-125500.jpg\" alt=\"\" width=\"184\" height=\"244\" srcset=\"https:\/\/www.varprovence-cruise.com\/fr\/wp-content\/uploads\/sites\/2\/2022\/09\/capture-decran-2022-09-05-125500.jpg 621w, https:\/\/www.varprovence-cruise.com\/fr\/wp-content\/uploads\/sites\/2\/2022\/09\/capture-decran-2022-09-05-125500-226x300.jpg 226w, https:\/\/www.varprovence-cruise.com\/fr\/wp-content\/uploads\/sites\/2\/2022\/09\/capture-decran-2022-09-05-125500-180x239.jpg 180w, https:\/\/www.varprovence-cruise.com\/fr\/wp-content\/uploads\/sites\/2\/2022\/09\/capture-decran-2022-09-05-125500-315x418.jpg 315w, https:\/\/www.varprovence-cruise.com\/fr\/wp-content\/uploads\/sites\/2\/2022\/09\/capture-decran-2022-09-05-125500-380x504.jpg 380w, https:\/\/www.varprovence-cruise.com\/fr\/wp-content\/uploads\/sites\/2\/2022\/09\/capture-decran-2022-09-05-125500-44x58.jpg 44w, https:\/\/www.varprovence-cruise.com\/fr\/wp-content\/uploads\/sites\/2\/2022\/09\/capture-decran-2022-09-05-125500-80x106.jpg 80w, https:\/\/www.varprovence-cruise.com\/fr\/wp-content\/uploads\/sites\/2\/2022\/09\/capture-decran-2022-09-05-125500-83x110.jpg 83w, https:\/\/www.varprovence-cruise.com\/fr\/wp-content\/uploads\/sites\/2\/2022\/09\/capture-decran-2022-09-05-125500-165x219.jpg 165w, https:\/\/www.varprovence-cruise.com\/fr\/wp-content\/uploads\/sites\/2\/2022\/09\/capture-decran-2022-09-05-125500-23x30.jpg 23w, https:\/\/www.varprovence-cruise.com\/fr\/wp-content\/uploads\/sites\/2\/2022\/09\/capture-decran-2022-09-05-125500-45x60.jpg 45w, https:\/\/www.varprovence-cruise.com\/fr\/wp-content\/uploads\/sites\/2\/2022\/09\/capture-decran-2022-09-05-125500-86x114.jpg 86w\" sizes=\"(max-width: 184px) 100vw, 184px\" \/><\/a><\/p>\n<p style=\"text-align: center;\"><a class=\"btn btn-1\" href=\"https:\/\/www.varprovence-cruise.com\/fr\/wp-content\/uploads\/sites\/2\/2022\/09\/depliant-debarquement-fr.pdf\" target=\"_blank\" rel=\"noopener\">Consulter<\/a><\/p>\n","protected":false},"excerpt":{"rendered":"<p>La r\u00e9gion Normandie et le d\u00e9partement du Var pr\u00e9parent conjointement de grands \u00e9v\u00e9nements pour c\u00e9l\u00e9brer les 80 ans du d\u00e9barquement alli\u00e9. Ces \u00e9v\u00e9nements compl\u00e9mentaires rythmeront la saison estivale 2024. En Normandie, le 6 juin 1944, les forces alli\u00e9es de plus de 150 000 soldats britanniques, am\u00e9ricains, canadiens et fran\u00e7ais ont attaqu\u00e9 les forces allemandes et [&hellip;]<\/p>\n","protected":false},"author":2,"featured_media":18610,"comment_status":"open","ping_status":"open","sticky":false,"template":"","format":"standard","meta":[],"categories":[1],"tags":[],"_links":{"self":[{"href":"https:\/\/www.varprovence-cruise.com\/fr\/wp-json\/wp\/v2\/posts\/18563"}],"collection":[{"href":"https:\/\/www.varprovence-cruise.com\/fr\/wp-json\/wp\/v2\/posts"}],"about":[{"href":"https:\/\/www.varprovence-cruise.com\/fr\/wp-json\/wp\/v2\/types\/post"}],"author":[{"embeddable":true,"href":"https:\/\/www.varprovence-cruise.com\/fr\/wp-json\/wp\/v2\/users\/2"}],"replies":[{"embeddable":true,"href":"https:\/\/www.varprovence-cruise.com\/fr\/wp-json\/wp\/v2\/comments?post=18563"}],"version-history":[{"count":10,"href":"https:\/\/www.varprovence-cruise.com\/fr\/wp-json\/wp\/v2\/posts\/18563\/revisions"}],"predecessor-version":[{"id":18659,"href":"https:\/\/www.varprovence-cruise.com\/fr\/wp-json\/wp\/v2\/posts\/18563\/revisions\/18659"}],"wp:featuredmedia":[{"embeddable":true,"href":"https:\/\/www.varprovence-cruise.com\/fr\/wp-json\/wp\/v2\/media\/18610"}],"wp:attachment":[{"href":"https:\/\/www.varprovence-cruise.com\/fr\/wp-json\/wp\/v2\/media?parent=18563"}],"wp:term":[{"taxonomy":"category","embeddable":true,"href":"https:\/\/www.varprovence-cruise.com\/fr\/wp-json\/wp\/v2\/categories?post=18563"},{"taxonomy":"post_tag","embeddable":true,"href":"https:\/\/www.varprovence-cruise.com\/fr\/wp-json\/wp\/v2\/tags?post=18563"}],"curies":[{"name":"wp","href":"https:\/\/api.w.org\/{rel}","templated":true}]}}